{"id":2,"name":"Marie","url":"http:\/\/www.projetailleurs.com","description":"Passionn\u00e9e par l'image, le son et la cr\u00e9ation en g\u00e9n\u00e9ral. J\u2019ai r\u00e9cemment d\u00e9cid\u00e9 d\u2019explorer un peu la question du son pour devenir davantage autonome et exp\u00e9rimenter avec un nouveau m\u00e9dium. Je pars de mes essais et j\u2019essaie principalement de r\u00e9pondre aux questions et aux probl\u00e8mes que j\u2019ai rencontr\u00e9s pour encourager les autres en leur donnant des cl\u00e9s pour avancer.","link":"http:\/\/projetailleurs.com\/author\/marie\/","slug":"marie","avatar_urls":{"24":"http:\/\/0.gravatar.com\/avatar\/0a74d58a67df0dce41c18910d11162a3?s=24&d=retro&r=g","48":"http:\/\/0.gravatar.com\/avatar\/0a74d58a67df0dce41c18910d11162a3?s=48&d=retro&r=g","96":"http:\/\/0.gravatar.com\/avatar\/0a74d58a67df0dce41c18910d11162a3?s=96&d=retro&r=g"},"meta":[],"_links":{"self":[{"href":"http:\/\/projetailleurs.com\/wp-json\/wp\/v2\/users\/2"}],"collection":[{"href":"http:\/\/projetailleurs.com\/wp-json\/wp\/v2\/users"}]}}