{"id":1,"name":"Hector Granero","url":"http:\/\/www.hectorgranero.com","description":"Depuis toujours l\u2019image en mouvement m\u2019a attir\u00e9e de fa\u00e7on extraordinaire, et il y a un an,  j\u2019ai d\u00e9cid\u00e9 de commencer l\u2019apprentissage de cr\u00e9ation vid\u00e9o pendant mon temps libre et de fa\u00e7on autodidacte. \r\nJ\u2019ai pris au s\u00e9rieux comment apprendre \u00e0 utiliser ma camera, et maintenant oui, je fais des videos et je veux partager mes connaissances et  apprentissages avec toi.","link":"http:\/\/projetailleurs.com\/author\/hectorlehibou\/","slug":"hectorlehibou","avatar_urls":{"24":"http:\/\/1.gravatar.com\/avatar\/70695830a8dfcb82cb567c369efa66d6?s=24&d=retro&r=g","48":"http:\/\/1.gravatar.com\/avatar\/70695830a8dfcb82cb567c369efa66d6?s=48&d=retro&r=g","96":"http:\/\/1.gravatar.com\/avatar\/70695830a8dfcb82cb567c369efa66d6?s=96&d=retro&r=g"},"meta":[],"_links":{"self":[{"href":"http:\/\/projetailleurs.com\/wp-json\/wp\/v2\/users\/1"}],"collection":[{"href":"http:\/\/projetailleurs.com\/wp-json\/wp\/v2\/users"}]}}