{"id":11,"count":3,"description":"Ecoute notre podcast\u00a0Vid\u00e9odyss\u00e9e!\r\n\r\nVid\u00e9odyss\u00e9e\u00a0c\u2019est le\u00a0Rendez-vous\u00a0avec la conception, la\u00a0cr\u00e9ation et l'\u00e9dition vid\u00e9o\u00a0du blog projetailleurs.com.\u00a0Deux fois par mois,\u00a0Hector Granero et Marie Mitliebe de Projet Ailleurs, invitent des des experts de l\u2019audio visuel pour d\u00e9couvrir leur parcours et leurs exp\u00e9riences dans le domaine. Ces invit\u00e9s\u00a0r\u00e9pondront \u00e0 des questions et donneront des conseils\u00a0en gardant toujours \u00e0 l\u2019esprit:\u00a0comment\u00a0am\u00e9liorer ses vid\u00e9os?\r\n","link":"http:\/\/projetailleurs.com\/en-GB\/category\/podcast\/","name":"Podcast","slug":"podcast","taxonomy":"category","parent":0,"meta":[],"_links":{"self":[{"href":"http:\/\/projetailleurs.com\/wp-json\/wp\/v2\/categories\/11"}],"collection":[{"href":"http:\/\/projetailleurs.com\/wp-json\/wp\/v2\/categories"}],"about":[{"href":"http:\/\/projetailleurs.com\/wp-json\/wp\/v2\/taxonomies\/category"}],"wp:post_type":[{"href":"http:\/\/projetailleurs.com\/wp-json\/wp\/v2\/posts?categories=11"}],"curies":[{"name":"wp","href":"https:\/\/api.w.org\/{rel}","templated":true}]}}